{"id":16088,"date":"2020-07-09T22:45:31","date_gmt":"2020-07-09T20:45:31","guid":{"rendered":"https:\/\/huebner.virtuosen.at\/?p=16088"},"modified":"2023-04-20T22:46:01","modified_gmt":"2023-04-20T20:46:01","slug":"prolonging-of-corona-short-time-working","status":"publish","type":"post","link":"https:\/\/www.huebner.at\/en\/prolonging-of-corona-short-time-working\/","title":{"rendered":"Prolonging of corona short time working"},"content":{"rendered":"<p>&nbsp;<\/p>\n<p>Applying for COVID-19-measues (such as for example, the fixed cost subsidy for short time working) has been for many companies an enormous administrative burden. While most applications have now been submitted and some of them are also already approved, it is important to still react to the constant changes and news.<\/p>\n<p>The corona short time working application, initially, has been planned for three months, starting March 2020. Due to the prolonging of short time working, following samples have been amended:<\/p>\n<p>Social partner agreement (currently, in version 7.0)<\/p>\n<p>In this version following applies:<\/p>\n<ul>\n<li>First applications with starting date 01.06. (or later) are possible, and<\/li>\n<li>Prolonging applications from 01.06. (or later) for the 4th month of short time working<\/li>\n<\/ul>\n<p>What has been also amended is that the employer is entitled to raise the number of working hours one sided (i.e. no agreement is needed with the employee), as long as there are no \u201cconsiderable interests\u201d of the employee, preventing this. In case of a change in working time, the employee has to be informed three days upfront about the new work shift.<\/p>\n<p>First applications and prolonging<\/p>\n<p>First applications, starting June, 1st, can not be applied for backdated. This means, that all short time working applications have to be submitted prior to starting the short time working. Prolonging applications can be still raised backdated in June and starting July, 1st they have to be raised the latest 3 weeks after the planned start of the prolonging.<br \/>\nIn addition, it has to be considered, that the two short time working periods can be maximum 4 calendar days apart.<\/p>\n<p>In order to prolong the short time working, following has to be done:<\/p>\n<ul>\n<li>For companies with a work\u2019s council in place the \u201eSocial partner agreement \u2013 company\u2019s agreement\u201c has to be signed. For companies without a work\u2019s council, the employer and all impacted employees have to sign the \u201cSocial partner agreement \u2013 sole agreement\u201d.<\/li>\n<li>The prolonging has to be applied for via the e-AMS-account. The application incl. the new social partner agreement (version 7.0) has to be provided. An additional transmission to the social partners for an approval is not required. The chamber of commerce is approving across-the-board.<\/li>\n<\/ul>\n<p>We are happy to assist you with your (prolonging) application for short time working.<\/p>\n","protected":false},"excerpt":{"rendered":"<p>&nbsp; Applying for COVID-19-measues (such as for example, the fixed cost subsidy for short time working) has been for many companies an enormous administrative burden. While most applications have now been submitted and some of them are also already approved, it is important to still react to the constant changes and news. The corona short [&hellip;]<\/p>\n","protected":false},"author":1,"featured_media":0,"comment_status":"open","ping_status":"open","sticky":false,"template":"","format":"standard","meta":{"_acf_changed":false,"inline_featured_image":false,"footnotes":""},"categories":[1],"tags":[],"class_list":["post-16088","post","type-post","status-publish","format-standard","hentry","category-unkategorisiert"],"acf":[],"yoast_head":"<!-- This site is optimized with the Yoast SEO plugin v27.2 - https:\/\/yoast.com\/product\/yoast-seo-wordpress\/ -->\n<title>Prolonging of corona short time working - H\u00fcbner &amp; H\u00fcbner News<\/title>\n<meta name=\"description\" content=\"&nbsp; Applying for COVID-19-measues (such as for example, the fixed cost subsidy for short time working) has been for many companies an enormous\" \/>\n<meta name=\"robots\" content=\"index, follow, max-snippet:-1, max-image-preview:large, max-video-preview:-1\" \/>\n<link rel=\"canonical\" href=\"https:\/\/www.huebner.at\/en\/prolonging-of-corona-short-time-working\/\" \/>\n<meta property=\"og:locale\" content=\"en_US\" \/>\n<meta property=\"og:type\" content=\"article\" \/>\n<meta property=\"og:title\" content=\"Prolonging of corona short time working - H\u00fcbner &amp; H\u00fcbner News\" \/>\n<meta property=\"og:description\" content=\"&nbsp; Applying for COVID-19-measues (such as for example, the fixed cost subsidy for short time working) has been for many companies an enormous\" \/>\n<meta property=\"og:url\" content=\"https:\/\/www.huebner.at\/en\/prolonging-of-corona-short-time-working\/\" \/>\n<meta property=\"og:site_name\" content=\"H\u00fcbner &amp; H\u00fcbner\" \/>\n<meta property=\"article:publisher\" content=\"https:\/\/www.facebook.com\/HuebnerSteuerberater\" \/>\n<meta property=\"article:published_time\" content=\"2020-07-09T20:45:31+00:00\" \/>\n<meta property=\"article:modified_time\" content=\"2023-04-20T20:46:01+00:00\" \/>\n<meta property=\"og:image\" content=\"https:\/\/www.huebner.at\/wp-content\/uploads\/2023\/02\/Huebner-Social-Logo.jpg\" \/>\n\t<meta property=\"og:image:width\" content=\"1200\" \/>\n\t<meta property=\"og:image:height\" content=\"675\" \/>\n\t<meta property=\"og:image:type\" content=\"image\/jpeg\" \/>\n<meta name=\"author\" content=\"hhadmin\" \/>\n<meta name=\"twitter:card\" content=\"summary_large_image\" \/>\n<meta name=\"twitter:creator\" content=\"@huebner_stb\" \/>\n<meta name=\"twitter:site\" content=\"@huebner_stb\" \/>\n<meta name=\"twitter:label1\" content=\"Written by\" \/>\n\t<meta name=\"twitter:data1\" content=\"hhadmin\" \/>\n<script type=\"application\/ld+json\" class=\"yoast-schema-graph\">{\"@context\":\"https:\/\/schema.org\",\"@graph\":[{\"@type\":\"Article\",\"@id\":\"https:\/\/www.huebner.at\/en\/prolonging-of-corona-short-time-working\/#article\",\"isPartOf\":{\"@id\":\"https:\/\/www.huebner.at\/en\/prolonging-of-corona-short-time-working\/\"},\"author\":{\"name\":\"hhadmin\",\"@id\":\"https:\/\/www.huebner.at\/en\/#\/schema\/person\/88f50e9ef63694d02128ea653cd4e99b\"},\"headline\":\"Prolonging of corona short time working\",\"datePublished\":\"2020-07-09T20:45:31+00:00\",\"dateModified\":\"2023-04-20T20:46:01+00:00\",\"mainEntityOfPage\":{\"@id\":\"https:\/\/www.huebner.at\/en\/prolonging-of-corona-short-time-working\/\"},\"wordCount\":379,\"commentCount\":0,\"publisher\":{\"@id\":\"https:\/\/www.huebner.at\/en\/#organization\"},\"articleSection\":[\"Unkategorisiert\"],\"inLanguage\":\"en-US\",\"potentialAction\":[{\"@type\":\"CommentAction\",\"name\":\"Comment\",\"target\":[\"https:\/\/www.huebner.at\/en\/prolonging-of-corona-short-time-working\/#respond\"]}]},{\"@type\":\"WebPage\",\"@id\":\"https:\/\/www.huebner.at\/en\/prolonging-of-corona-short-time-working\/\",\"url\":\"https:\/\/www.huebner.at\/en\/prolonging-of-corona-short-time-working\/\",\"name\":\"Prolonging of corona short time working - H\u00fcbner &amp; H\u00fcbner News\",\"isPartOf\":{\"@id\":\"https:\/\/www.huebner.at\/en\/#website\"},\"datePublished\":\"2020-07-09T20:45:31+00:00\",\"dateModified\":\"2023-04-20T20:46:01+00:00\",\"description\":\"&nbsp; Applying for COVID-19-measues (such as for example, the fixed cost subsidy for short time working) has been for many companies an enormous\",\"breadcrumb\":{\"@id\":\"https:\/\/www.huebner.at\/en\/prolonging-of-corona-short-time-working\/#breadcrumb\"},\"inLanguage\":\"en-US\",\"potentialAction\":[{\"@type\":\"ReadAction\",\"target\":[\"https:\/\/www.huebner.at\/en\/prolonging-of-corona-short-time-working\/\"]}]},{\"@type\":\"BreadcrumbList\",\"@id\":\"https:\/\/www.huebner.at\/en\/prolonging-of-corona-short-time-working\/#breadcrumb\",\"itemListElement\":[{\"@type\":\"ListItem\",\"position\":1,\"name\":\"Startseite\",\"item\":\"https:\/\/www.huebner.at\/en\/\"},{\"@type\":\"ListItem\",\"position\":2,\"name\":\"Prolonging of corona short time working\"}]},{\"@type\":\"WebSite\",\"@id\":\"https:\/\/www.huebner.at\/en\/#website\",\"url\":\"https:\/\/www.huebner.at\/en\/\",\"name\":\"H\u00fcbner &amp; H\u00fcbner\",\"description\":\"Digitales Rechnungswesen &amp; Optimierte Steuerkonzepte.\",\"publisher\":{\"@id\":\"https:\/\/www.huebner.at\/en\/#organization\"},\"potentialAction\":[{\"@type\":\"SearchAction\",\"target\":{\"@type\":\"EntryPoint\",\"urlTemplate\":\"https:\/\/www.huebner.at\/en\/?s={search_term_string}\"},\"query-input\":{\"@type\":\"PropertyValueSpecification\",\"valueRequired\":true,\"valueName\":\"search_term_string\"}}],\"inLanguage\":\"en-US\"},{\"@type\":\"Organization\",\"@id\":\"https:\/\/www.huebner.at\/en\/#organization\",\"name\":\"H\u00fcbner &amp; H\u00fcbner Wirtschaftspr\u00fcfung und Steuerberatung GmbH & Co KG\",\"alternateName\":\"H\u00fcbner &amp; H\u00fcbner\",\"url\":\"https:\/\/www.huebner.at\/en\/\",\"logo\":{\"@type\":\"ImageObject\",\"inLanguage\":\"en-US\",\"@id\":\"https:\/\/www.huebner.at\/en\/#\/schema\/logo\/image\/\",\"url\":\"https:\/\/www.huebner.at\/wp-content\/uploads\/2022\/11\/Favicon.jpg\",\"contentUrl\":\"https:\/\/www.huebner.at\/wp-content\/uploads\/2022\/11\/Favicon.jpg\",\"width\":512,\"height\":512,\"caption\":\"H\u00fcbner &amp; H\u00fcbner Wirtschaftspr\u00fcfung und Steuerberatung GmbH & Co KG\"},\"image\":{\"@id\":\"https:\/\/www.huebner.at\/en\/#\/schema\/logo\/image\/\"},\"sameAs\":[\"https:\/\/www.facebook.com\/HuebnerSteuerberater\",\"https:\/\/x.com\/huebner_stb\",\"https:\/\/www.linkedin.com\/company\/h\u00fcbner-h\u00fcbner-steuerberatung\"]},{\"@type\":\"Person\",\"@id\":\"https:\/\/www.huebner.at\/en\/#\/schema\/person\/88f50e9ef63694d02128ea653cd4e99b\",\"name\":\"hhadmin\",\"image\":{\"@type\":\"ImageObject\",\"inLanguage\":\"en-US\",\"@id\":\"https:\/\/secure.gravatar.com\/avatar\/2a68f7cfeaaa44d3350a7b3567c697c4d2b2ea8ccb987794b917fceb0c7b9e90?s=96&d=mm&r=g\",\"url\":\"https:\/\/secure.gravatar.com\/avatar\/2a68f7cfeaaa44d3350a7b3567c697c4d2b2ea8ccb987794b917fceb0c7b9e90?s=96&d=mm&r=g\",\"contentUrl\":\"https:\/\/secure.gravatar.com\/avatar\/2a68f7cfeaaa44d3350a7b3567c697c4d2b2ea8ccb987794b917fceb0c7b9e90?s=96&d=mm&r=g\",\"caption\":\"hhadmin\"},\"sameAs\":[\"https:\/\/www.huebner.at\"]}]}<\/script>\n<!-- \/ Yoast SEO plugin. -->","yoast_head_json":{"title":"Prolonging of corona short time working - H\u00fcbner &amp; H\u00fcbner News","description":"&nbsp; Applying for COVID-19-measues (such as for example, the fixed cost subsidy for short time working) has been for many companies an enormous","robots":{"index":"index","follow":"follow","max-snippet":"max-snippet:-1","max-image-preview":"max-image-preview:large","max-video-preview":"max-video-preview:-1"},"canonical":"https:\/\/www.huebner.at\/en\/prolonging-of-corona-short-time-working\/","og_locale":"en_US","og_type":"article","og_title":"Prolonging of corona short time working - H\u00fcbner &amp; H\u00fcbner News","og_description":"&nbsp; Applying for COVID-19-measues (such as for example, the fixed cost subsidy for short time working) has been for many companies an enormous","og_url":"https:\/\/www.huebner.at\/en\/prolonging-of-corona-short-time-working\/","og_site_name":"H\u00fcbner &amp; H\u00fcbner","article_publisher":"https:\/\/www.facebook.com\/HuebnerSteuerberater","article_published_time":"2020-07-09T20:45:31+00:00","article_modified_time":"2023-04-20T20:46:01+00:00","og_image":[{"width":1200,"height":675,"url":"https:\/\/www.huebner.at\/wp-content\/uploads\/2023\/02\/Huebner-Social-Logo.jpg","type":"image\/jpeg"}],"author":"hhadmin","twitter_card":"summary_large_image","twitter_creator":"@huebner_stb","twitter_site":"@huebner_stb","twitter_misc":{"Written by":"hhadmin"},"schema":{"@context":"https:\/\/schema.org","@graph":[{"@type":"Article","@id":"https:\/\/www.huebner.at\/en\/prolonging-of-corona-short-time-working\/#article","isPartOf":{"@id":"https:\/\/www.huebner.at\/en\/prolonging-of-corona-short-time-working\/"},"author":{"name":"hhadmin","@id":"https:\/\/www.huebner.at\/en\/#\/schema\/person\/88f50e9ef63694d02128ea653cd4e99b"},"headline":"Prolonging of corona short time working","datePublished":"2020-07-09T20:45:31+00:00","dateModified":"2023-04-20T20:46:01+00:00","mainEntityOfPage":{"@id":"https:\/\/www.huebner.at\/en\/prolonging-of-corona-short-time-working\/"},"wordCount":379,"commentCount":0,"publisher":{"@id":"https:\/\/www.huebner.at\/en\/#organization"},"articleSection":["Unkategorisiert"],"inLanguage":"en-US","potentialAction":[{"@type":"CommentAction","name":"Comment","target":["https:\/\/www.huebner.at\/en\/prolonging-of-corona-short-time-working\/#respond"]}]},{"@type":"WebPage","@id":"https:\/\/www.huebner.at\/en\/prolonging-of-corona-short-time-working\/","url":"https:\/\/www.huebner.at\/en\/prolonging-of-corona-short-time-working\/","name":"Prolonging of corona short time working - H\u00fcbner &amp; H\u00fcbner News","isPartOf":{"@id":"https:\/\/www.huebner.at\/en\/#website"},"datePublished":"2020-07-09T20:45:31+00:00","dateModified":"2023-04-20T20:46:01+00:00","description":"&nbsp; Applying for COVID-19-measues (such as for example, the fixed cost subsidy for short time working) has been for many companies an enormous","breadcrumb":{"@id":"https:\/\/www.huebner.at\/en\/prolonging-of-corona-short-time-working\/#breadcrumb"},"inLanguage":"en-US","potentialAction":[{"@type":"ReadAction","target":["https:\/\/www.huebner.at\/en\/prolonging-of-corona-short-time-working\/"]}]},{"@type":"BreadcrumbList","@id":"https:\/\/www.huebner.at\/en\/prolonging-of-corona-short-time-working\/#breadcrumb","itemListElement":[{"@type":"ListItem","position":1,"name":"Startseite","item":"https:\/\/www.huebner.at\/en\/"},{"@type":"ListItem","position":2,"name":"Prolonging of corona short time working"}]},{"@type":"WebSite","@id":"https:\/\/www.huebner.at\/en\/#website","url":"https:\/\/www.huebner.at\/en\/","name":"H\u00fcbner &amp; H\u00fcbner","description":"Digitales Rechnungswesen &amp; Optimierte Steuerkonzepte.","publisher":{"@id":"https:\/\/www.huebner.at\/en\/#organization"},"potentialAction":[{"@type":"SearchAction","target":{"@type":"EntryPoint","urlTemplate":"https:\/\/www.huebner.at\/en\/?s={search_term_string}"},"query-input":{"@type":"PropertyValueSpecification","valueRequired":true,"valueName":"search_term_string"}}],"inLanguage":"en-US"},{"@type":"Organization","@id":"https:\/\/www.huebner.at\/en\/#organization","name":"H\u00fcbner &amp; H\u00fcbner Wirtschaftspr\u00fcfung und Steuerberatung GmbH & Co KG","alternateName":"H\u00fcbner &amp; H\u00fcbner","url":"https:\/\/www.huebner.at\/en\/","logo":{"@type":"ImageObject","inLanguage":"en-US","@id":"https:\/\/www.huebner.at\/en\/#\/schema\/logo\/image\/","url":"https:\/\/www.huebner.at\/wp-content\/uploads\/2022\/11\/Favicon.jpg","contentUrl":"https:\/\/www.huebner.at\/wp-content\/uploads\/2022\/11\/Favicon.jpg","width":512,"height":512,"caption":"H\u00fcbner &amp; H\u00fcbner Wirtschaftspr\u00fcfung und Steuerberatung GmbH & Co KG"},"image":{"@id":"https:\/\/www.huebner.at\/en\/#\/schema\/logo\/image\/"},"sameAs":["https:\/\/www.facebook.com\/HuebnerSteuerberater","https:\/\/x.com\/huebner_stb","https:\/\/www.linkedin.com\/company\/h\u00fcbner-h\u00fcbner-steuerberatung"]},{"@type":"Person","@id":"https:\/\/www.huebner.at\/en\/#\/schema\/person\/88f50e9ef63694d02128ea653cd4e99b","name":"hhadmin","image":{"@type":"ImageObject","inLanguage":"en-US","@id":"https:\/\/secure.gravatar.com\/avatar\/2a68f7cfeaaa44d3350a7b3567c697c4d2b2ea8ccb987794b917fceb0c7b9e90?s=96&d=mm&r=g","url":"https:\/\/secure.gravatar.com\/avatar\/2a68f7cfeaaa44d3350a7b3567c697c4d2b2ea8ccb987794b917fceb0c7b9e90?s=96&d=mm&r=g","contentUrl":"https:\/\/secure.gravatar.com\/avatar\/2a68f7cfeaaa44d3350a7b3567c697c4d2b2ea8ccb987794b917fceb0c7b9e90?s=96&d=mm&r=g","caption":"hhadmin"},"sameAs":["https:\/\/www.huebner.at"]}]}},"_links":{"self":[{"href":"https:\/\/www.huebner.at\/en\/wp-json\/wp\/v2\/posts\/16088","targetHints":{"allow":["GET"]}}],"collection":[{"href":"https:\/\/www.huebner.at\/en\/wp-json\/wp\/v2\/posts"}],"about":[{"href":"https:\/\/www.huebner.at\/en\/wp-json\/wp\/v2\/types\/post"}],"author":[{"embeddable":true,"href":"https:\/\/www.huebner.at\/en\/wp-json\/wp\/v2\/users\/1"}],"replies":[{"embeddable":true,"href":"https:\/\/www.huebner.at\/en\/wp-json\/wp\/v2\/comments?post=16088"}],"version-history":[{"count":1,"href":"https:\/\/www.huebner.at\/en\/wp-json\/wp\/v2\/posts\/16088\/revisions"}],"predecessor-version":[{"id":16089,"href":"https:\/\/www.huebner.at\/en\/wp-json\/wp\/v2\/posts\/16088\/revisions\/16089"}],"wp:attachment":[{"href":"https:\/\/www.huebner.at\/en\/wp-json\/wp\/v2\/media?parent=16088"}],"wp:term":[{"taxonomy":"category","embeddable":true,"href":"https:\/\/www.huebner.at\/en\/wp-json\/wp\/v2\/categories?post=16088"},{"taxonomy":"post_tag","embeddable":true,"href":"https:\/\/www.huebner.at\/en\/wp-json\/wp\/v2\/tags?post=16088"}],"curies":[{"name":"wp","href":"https:\/\/api.w.org\/{rel}","templated":true}]}}