{"id":16110,"date":"2020-04-02T22:51:43","date_gmt":"2020-04-02T20:51:43","guid":{"rendered":"https:\/\/huebner.virtuosen.at\/?p=16110"},"modified":"2023-04-20T22:53:26","modified_gmt":"2023-04-20T20:53:26","slug":"corona-short-time-work-the-full-package-for-you","status":"publish","type":"post","link":"https:\/\/www.huebner.at\/en\/corona-short-time-work-the-full-package-for-you\/","title":{"rendered":"Corona \u2013 Short time work: The full package for you!"},"content":{"rendered":"<p><strong>The corona short time work can be a very good possibility to protect your company and your employees \u2013 and, therefore, also the Austrian economy \u2013 from the immense impact the current crisis has.<\/strong><\/p>\n<p>Many of the\u00a0<a href=\"\/wp-content\/uploads\/2023\/04\/HH_Info_Possibilities_of_employment.pdf\" target=\"_blank\" rel=\"noopener\">\u201crules\u201d in regards to short time working<\/a>, such as the requirements, application process, agreement with employee, etc. have been adapted and enhanced during the last couple of days continuously.<br \/>\nOverall, this of course should support the businesses and enhance their possibilities, however, with that many changes being implemented, it can become quite incomprehensive and difficult to understand.<\/p>\n<p>Therefore, we have:<\/p>\n<ul>\n<li>Monitored the development of short time working very closely<\/li>\n<li>Gathered all needed application forms and templates<\/li>\n<li>Our labour law experts available \u2013 incl. an updated Q&amp;A<\/li>\n<li><strong>Developed a tool<\/strong>, in which we can show you very quickly the individual possibilities for the time reduction \u2013 this is meant\u00a0<strong>as a basis for you to decide\u00a0<\/strong>on how to move forward<\/li>\n<\/ul>\n<p>If you need:<\/p>\n<ul>\n<li>A first level of support \u2013 how does short time working can be implemented in your concrete case?<\/li>\n<li>Calculation of the reduction time and the support received?<\/li>\n<li>Support in the application process at Unemployment Office and setting up the social partner agreement? \u2013 also backdated!<\/li>\n<li>Corresponding consideration of short time working in payroll?<\/li>\n<\/ul>\n<p>We are happy to assist you with it and\u00a0<strong>organize all necessary steps on your behalf<\/strong>.<\/p>\n<p>Kindly contact your main point of contact at H\u00fcbner &amp; H\u00fcbner or\u00a0<a class=\"link\" href=\"mailto:welcome@huebner.at?subject=Corona-Short%20time%20work%20%E2%80%93%20%E2%80%9CKurzarbeit%E2%80%9D\">raise your questions directly in our form<\/a>.<\/p>\n","protected":false},"excerpt":{"rendered":"<p>The corona short time work can be a very good possibility to protect your company and your employees \u2013 and, therefore, also the Austrian economy \u2013 from the immense impact the current crisis has. Many of the\u00a0\u201crules\u201d in regards to short time working, such as the requirements, application process, agreement with employee, etc. have been [&hellip;]<\/p>\n","protected":false},"author":1,"featured_media":0,"comment_status":"open","ping_status":"open","sticky":false,"template":"","format":"standard","meta":{"_acf_changed":false,"inline_featured_image":false,"footnotes":""},"categories":[1],"tags":[],"class_list":["post-16110","post","type-post","status-publish","format-standard","hentry","category-unkategorisiert"],"acf":[],"yoast_head":"<!-- This site is optimized with the Yoast SEO plugin v27.2 - https:\/\/yoast.com\/product\/yoast-seo-wordpress\/ -->\n<title>Corona \u2013 Short time work: The full package for you! - H\u00fcbner &amp; H\u00fcbner News<\/title>\n<meta name=\"description\" content=\"The corona short time work can be a very good possibility to protect your company and your employees \u2013 and, therefore, also the Austrian economy \u2013 from\" \/>\n<meta name=\"robots\" content=\"index, follow, max-snippet:-1, max-image-preview:large, max-video-preview:-1\" \/>\n<link rel=\"canonical\" href=\"https:\/\/www.huebner.at\/en\/corona-short-time-work-the-full-package-for-you\/\" \/>\n<meta property=\"og:locale\" content=\"en_US\" \/>\n<meta property=\"og:type\" content=\"article\" \/>\n<meta property=\"og:title\" content=\"Corona \u2013 Short time work: The full package for you! - H\u00fcbner &amp; H\u00fcbner News\" \/>\n<meta property=\"og:description\" content=\"The corona short time work can be a very good possibility to protect your company and your employees \u2013 and, therefore, also the Austrian economy \u2013 from\" \/>\n<meta property=\"og:url\" content=\"https:\/\/www.huebner.at\/en\/corona-short-time-work-the-full-package-for-you\/\" \/>\n<meta property=\"og:site_name\" content=\"H\u00fcbner &amp; H\u00fcbner\" \/>\n<meta property=\"article:publisher\" content=\"https:\/\/www.facebook.com\/HuebnerSteuerberater\" \/>\n<meta property=\"article:published_time\" content=\"2020-04-02T20:51:43+00:00\" \/>\n<meta property=\"article:modified_time\" content=\"2023-04-20T20:53:26+00:00\" \/>\n<meta property=\"og:image\" content=\"https:\/\/www.huebner.at\/wp-content\/uploads\/2023\/02\/Huebner-Social-Logo.jpg\" \/>\n\t<meta property=\"og:image:width\" content=\"1200\" \/>\n\t<meta property=\"og:image:height\" content=\"675\" \/>\n\t<meta property=\"og:image:type\" content=\"image\/jpeg\" \/>\n<meta name=\"author\" content=\"hhadmin\" \/>\n<meta name=\"twitter:card\" content=\"summary_large_image\" \/>\n<meta name=\"twitter:creator\" content=\"@huebner_stb\" \/>\n<meta name=\"twitter:site\" content=\"@huebner_stb\" \/>\n<meta name=\"twitter:label1\" content=\"Written by\" \/>\n\t<meta name=\"twitter:data1\" content=\"hhadmin\" \/>\n\t<meta name=\"twitter:label2\" content=\"Est. reading time\" \/>\n\t<meta name=\"twitter:data2\" content=\"2 minutes\" \/>\n<script type=\"application\/ld+json\" class=\"yoast-schema-graph\">{\"@context\":\"https:\/\/schema.org\",\"@graph\":[{\"@type\":\"Article\",\"@id\":\"https:\/\/www.huebner.at\/en\/corona-short-time-work-the-full-package-for-you\/#article\",\"isPartOf\":{\"@id\":\"https:\/\/www.huebner.at\/en\/corona-short-time-work-the-full-package-for-you\/\"},\"author\":{\"name\":\"hhadmin\",\"@id\":\"https:\/\/www.huebner.at\/en\/#\/schema\/person\/88f50e9ef63694d02128ea653cd4e99b\"},\"headline\":\"Corona \u2013 Short time work: The full package for you!\",\"datePublished\":\"2020-04-02T20:51:43+00:00\",\"dateModified\":\"2023-04-20T20:53:26+00:00\",\"mainEntityOfPage\":{\"@id\":\"https:\/\/www.huebner.at\/en\/corona-short-time-work-the-full-package-for-you\/\"},\"wordCount\":255,\"commentCount\":0,\"publisher\":{\"@id\":\"https:\/\/www.huebner.at\/en\/#organization\"},\"articleSection\":[\"Unkategorisiert\"],\"inLanguage\":\"en-US\",\"potentialAction\":[{\"@type\":\"CommentAction\",\"name\":\"Comment\",\"target\":[\"https:\/\/www.huebner.at\/en\/corona-short-time-work-the-full-package-for-you\/#respond\"]}]},{\"@type\":\"WebPage\",\"@id\":\"https:\/\/www.huebner.at\/en\/corona-short-time-work-the-full-package-for-you\/\",\"url\":\"https:\/\/www.huebner.at\/en\/corona-short-time-work-the-full-package-for-you\/\",\"name\":\"Corona \u2013 Short time work: The full package for you! - H\u00fcbner &amp; H\u00fcbner News\",\"isPartOf\":{\"@id\":\"https:\/\/www.huebner.at\/en\/#website\"},\"datePublished\":\"2020-04-02T20:51:43+00:00\",\"dateModified\":\"2023-04-20T20:53:26+00:00\",\"description\":\"The corona short time work can be a very good possibility to protect your company and your employees \u2013 and, therefore, also the Austrian economy \u2013 from\",\"breadcrumb\":{\"@id\":\"https:\/\/www.huebner.at\/en\/corona-short-time-work-the-full-package-for-you\/#breadcrumb\"},\"inLanguage\":\"en-US\",\"potentialAction\":[{\"@type\":\"ReadAction\",\"target\":[\"https:\/\/www.huebner.at\/en\/corona-short-time-work-the-full-package-for-you\/\"]}]},{\"@type\":\"BreadcrumbList\",\"@id\":\"https:\/\/www.huebner.at\/en\/corona-short-time-work-the-full-package-for-you\/#breadcrumb\",\"itemListElement\":[{\"@type\":\"ListItem\",\"position\":1,\"name\":\"Startseite\",\"item\":\"https:\/\/www.huebner.at\/en\/\"},{\"@type\":\"ListItem\",\"position\":2,\"name\":\"Corona \u2013 Short time work: The full package for you!\"}]},{\"@type\":\"WebSite\",\"@id\":\"https:\/\/www.huebner.at\/en\/#website\",\"url\":\"https:\/\/www.huebner.at\/en\/\",\"name\":\"H\u00fcbner &amp; H\u00fcbner\",\"description\":\"Digitales Rechnungswesen &amp; Optimierte Steuerkonzepte.\",\"publisher\":{\"@id\":\"https:\/\/www.huebner.at\/en\/#organization\"},\"potentialAction\":[{\"@type\":\"SearchAction\",\"target\":{\"@type\":\"EntryPoint\",\"urlTemplate\":\"https:\/\/www.huebner.at\/en\/?s={search_term_string}\"},\"query-input\":{\"@type\":\"PropertyValueSpecification\",\"valueRequired\":true,\"valueName\":\"search_term_string\"}}],\"inLanguage\":\"en-US\"},{\"@type\":\"Organization\",\"@id\":\"https:\/\/www.huebner.at\/en\/#organization\",\"name\":\"H\u00fcbner &amp; H\u00fcbner Wirtschaftspr\u00fcfung und Steuerberatung GmbH & Co KG\",\"alternateName\":\"H\u00fcbner &amp; H\u00fcbner\",\"url\":\"https:\/\/www.huebner.at\/en\/\",\"logo\":{\"@type\":\"ImageObject\",\"inLanguage\":\"en-US\",\"@id\":\"https:\/\/www.huebner.at\/en\/#\/schema\/logo\/image\/\",\"url\":\"https:\/\/www.huebner.at\/wp-content\/uploads\/2022\/11\/Favicon.jpg\",\"contentUrl\":\"https:\/\/www.huebner.at\/wp-content\/uploads\/2022\/11\/Favicon.jpg\",\"width\":512,\"height\":512,\"caption\":\"H\u00fcbner &amp; H\u00fcbner Wirtschaftspr\u00fcfung und Steuerberatung GmbH & Co KG\"},\"image\":{\"@id\":\"https:\/\/www.huebner.at\/en\/#\/schema\/logo\/image\/\"},\"sameAs\":[\"https:\/\/www.facebook.com\/HuebnerSteuerberater\",\"https:\/\/x.com\/huebner_stb\",\"https:\/\/www.linkedin.com\/company\/h\u00fcbner-h\u00fcbner-steuerberatung\"]},{\"@type\":\"Person\",\"@id\":\"https:\/\/www.huebner.at\/en\/#\/schema\/person\/88f50e9ef63694d02128ea653cd4e99b\",\"name\":\"hhadmin\",\"image\":{\"@type\":\"ImageObject\",\"inLanguage\":\"en-US\",\"@id\":\"https:\/\/secure.gravatar.com\/avatar\/2a68f7cfeaaa44d3350a7b3567c697c4d2b2ea8ccb987794b917fceb0c7b9e90?s=96&d=mm&r=g\",\"url\":\"https:\/\/secure.gravatar.com\/avatar\/2a68f7cfeaaa44d3350a7b3567c697c4d2b2ea8ccb987794b917fceb0c7b9e90?s=96&d=mm&r=g\",\"contentUrl\":\"https:\/\/secure.gravatar.com\/avatar\/2a68f7cfeaaa44d3350a7b3567c697c4d2b2ea8ccb987794b917fceb0c7b9e90?s=96&d=mm&r=g\",\"caption\":\"hhadmin\"},\"sameAs\":[\"https:\/\/www.huebner.at\"]}]}<\/script>\n<!-- \/ Yoast SEO plugin. -->","yoast_head_json":{"title":"Corona \u2013 Short time work: The full package for you! - H\u00fcbner &amp; H\u00fcbner News","description":"The corona short time work can be a very good possibility to protect your company and your employees \u2013 and, therefore, also the Austrian economy \u2013 from","robots":{"index":"index","follow":"follow","max-snippet":"max-snippet:-1","max-image-preview":"max-image-preview:large","max-video-preview":"max-video-preview:-1"},"canonical":"https:\/\/www.huebner.at\/en\/corona-short-time-work-the-full-package-for-you\/","og_locale":"en_US","og_type":"article","og_title":"Corona \u2013 Short time work: The full package for you! - H\u00fcbner &amp; H\u00fcbner News","og_description":"The corona short time work can be a very good possibility to protect your company and your employees \u2013 and, therefore, also the Austrian economy \u2013 from","og_url":"https:\/\/www.huebner.at\/en\/corona-short-time-work-the-full-package-for-you\/","og_site_name":"H\u00fcbner &amp; H\u00fcbner","article_publisher":"https:\/\/www.facebook.com\/HuebnerSteuerberater","article_published_time":"2020-04-02T20:51:43+00:00","article_modified_time":"2023-04-20T20:53:26+00:00","og_image":[{"width":1200,"height":675,"url":"https:\/\/www.huebner.at\/wp-content\/uploads\/2023\/02\/Huebner-Social-Logo.jpg","type":"image\/jpeg"}],"author":"hhadmin","twitter_card":"summary_large_image","twitter_creator":"@huebner_stb","twitter_site":"@huebner_stb","twitter_misc":{"Written by":"hhadmin","Est. reading time":"2 minutes"},"schema":{"@context":"https:\/\/schema.org","@graph":[{"@type":"Article","@id":"https:\/\/www.huebner.at\/en\/corona-short-time-work-the-full-package-for-you\/#article","isPartOf":{"@id":"https:\/\/www.huebner.at\/en\/corona-short-time-work-the-full-package-for-you\/"},"author":{"name":"hhadmin","@id":"https:\/\/www.huebner.at\/en\/#\/schema\/person\/88f50e9ef63694d02128ea653cd4e99b"},"headline":"Corona \u2013 Short time work: The full package for you!","datePublished":"2020-04-02T20:51:43+00:00","dateModified":"2023-04-20T20:53:26+00:00","mainEntityOfPage":{"@id":"https:\/\/www.huebner.at\/en\/corona-short-time-work-the-full-package-for-you\/"},"wordCount":255,"commentCount":0,"publisher":{"@id":"https:\/\/www.huebner.at\/en\/#organization"},"articleSection":["Unkategorisiert"],"inLanguage":"en-US","potentialAction":[{"@type":"CommentAction","name":"Comment","target":["https:\/\/www.huebner.at\/en\/corona-short-time-work-the-full-package-for-you\/#respond"]}]},{"@type":"WebPage","@id":"https:\/\/www.huebner.at\/en\/corona-short-time-work-the-full-package-for-you\/","url":"https:\/\/www.huebner.at\/en\/corona-short-time-work-the-full-package-for-you\/","name":"Corona \u2013 Short time work: The full package for you! - H\u00fcbner &amp; H\u00fcbner News","isPartOf":{"@id":"https:\/\/www.huebner.at\/en\/#website"},"datePublished":"2020-04-02T20:51:43+00:00","dateModified":"2023-04-20T20:53:26+00:00","description":"The corona short time work can be a very good possibility to protect your company and your employees \u2013 and, therefore, also the Austrian economy \u2013 from","breadcrumb":{"@id":"https:\/\/www.huebner.at\/en\/corona-short-time-work-the-full-package-for-you\/#breadcrumb"},"inLanguage":"en-US","potentialAction":[{"@type":"ReadAction","target":["https:\/\/www.huebner.at\/en\/corona-short-time-work-the-full-package-for-you\/"]}]},{"@type":"BreadcrumbList","@id":"https:\/\/www.huebner.at\/en\/corona-short-time-work-the-full-package-for-you\/#breadcrumb","itemListElement":[{"@type":"ListItem","position":1,"name":"Startseite","item":"https:\/\/www.huebner.at\/en\/"},{"@type":"ListItem","position":2,"name":"Corona \u2013 Short time work: The full package for you!"}]},{"@type":"WebSite","@id":"https:\/\/www.huebner.at\/en\/#website","url":"https:\/\/www.huebner.at\/en\/","name":"H\u00fcbner &amp; H\u00fcbner","description":"Digitales Rechnungswesen &amp; Optimierte Steuerkonzepte.","publisher":{"@id":"https:\/\/www.huebner.at\/en\/#organization"},"potentialAction":[{"@type":"SearchAction","target":{"@type":"EntryPoint","urlTemplate":"https:\/\/www.huebner.at\/en\/?s={search_term_string}"},"query-input":{"@type":"PropertyValueSpecification","valueRequired":true,"valueName":"search_term_string"}}],"inLanguage":"en-US"},{"@type":"Organization","@id":"https:\/\/www.huebner.at\/en\/#organization","name":"H\u00fcbner &amp; H\u00fcbner Wirtschaftspr\u00fcfung und Steuerberatung GmbH & Co KG","alternateName":"H\u00fcbner &amp; H\u00fcbner","url":"https:\/\/www.huebner.at\/en\/","logo":{"@type":"ImageObject","inLanguage":"en-US","@id":"https:\/\/www.huebner.at\/en\/#\/schema\/logo\/image\/","url":"https:\/\/www.huebner.at\/wp-content\/uploads\/2022\/11\/Favicon.jpg","contentUrl":"https:\/\/www.huebner.at\/wp-content\/uploads\/2022\/11\/Favicon.jpg","width":512,"height":512,"caption":"H\u00fcbner &amp; H\u00fcbner Wirtschaftspr\u00fcfung und Steuerberatung GmbH & Co KG"},"image":{"@id":"https:\/\/www.huebner.at\/en\/#\/schema\/logo\/image\/"},"sameAs":["https:\/\/www.facebook.com\/HuebnerSteuerberater","https:\/\/x.com\/huebner_stb","https:\/\/www.linkedin.com\/company\/h\u00fcbner-h\u00fcbner-steuerberatung"]},{"@type":"Person","@id":"https:\/\/www.huebner.at\/en\/#\/schema\/person\/88f50e9ef63694d02128ea653cd4e99b","name":"hhadmin","image":{"@type":"ImageObject","inLanguage":"en-US","@id":"https:\/\/secure.gravatar.com\/avatar\/2a68f7cfeaaa44d3350a7b3567c697c4d2b2ea8ccb987794b917fceb0c7b9e90?s=96&d=mm&r=g","url":"https:\/\/secure.gravatar.com\/avatar\/2a68f7cfeaaa44d3350a7b3567c697c4d2b2ea8ccb987794b917fceb0c7b9e90?s=96&d=mm&r=g","contentUrl":"https:\/\/secure.gravatar.com\/avatar\/2a68f7cfeaaa44d3350a7b3567c697c4d2b2ea8ccb987794b917fceb0c7b9e90?s=96&d=mm&r=g","caption":"hhadmin"},"sameAs":["https:\/\/www.huebner.at"]}]}},"_links":{"self":[{"href":"https:\/\/www.huebner.at\/en\/wp-json\/wp\/v2\/posts\/16110","targetHints":{"allow":["GET"]}}],"collection":[{"href":"https:\/\/www.huebner.at\/en\/wp-json\/wp\/v2\/posts"}],"about":[{"href":"https:\/\/www.huebner.at\/en\/wp-json\/wp\/v2\/types\/post"}],"author":[{"embeddable":true,"href":"https:\/\/www.huebner.at\/en\/wp-json\/wp\/v2\/users\/1"}],"replies":[{"embeddable":true,"href":"https:\/\/www.huebner.at\/en\/wp-json\/wp\/v2\/comments?post=16110"}],"version-history":[{"count":2,"href":"https:\/\/www.huebner.at\/en\/wp-json\/wp\/v2\/posts\/16110\/revisions"}],"predecessor-version":[{"id":16114,"href":"https:\/\/www.huebner.at\/en\/wp-json\/wp\/v2\/posts\/16110\/revisions\/16114"}],"wp:attachment":[{"href":"https:\/\/www.huebner.at\/en\/wp-json\/wp\/v2\/media?parent=16110"}],"wp:term":[{"taxonomy":"category","embeddable":true,"href":"https:\/\/www.huebner.at\/en\/wp-json\/wp\/v2\/categories?post=16110"},{"taxonomy":"post_tag","embeddable":true,"href":"https:\/\/www.huebner.at\/en\/wp-json\/wp\/v2\/tags?post=16110"}],"curies":[{"name":"wp","href":"https:\/\/api.w.org\/{rel}","templated":true}]}}